{"id":2051,"date":"2020-07-24T15:44:51","date_gmt":"2020-07-24T13:44:51","guid":{"rendered":"https:\/\/le-temps-dune-rando.fr\/?p=2051"},"modified":"2021-03-28T19:14:15","modified_gmt":"2021-03-28T17:14:15","slug":"le-bec-de-lorient-au-depart-dautrans","status":"publish","type":"post","link":"https:\/\/le-temps-dune-rando.fr\/index.php\/2020\/07\/24\/le-bec-de-lorient-au-depart-dautrans\/","title":{"rendered":"Le Bec de l&rsquo;Orient au d\u00e9part d&rsquo;Autrans"},"content":{"rendered":"\n<p><strong>Une longue randonn\u00e9e estivale au d\u00e9part du village d&rsquo;Autrans, dans le Vercors, qui monte au Bec de l&rsquo;Orient et qui offre une vue remarquable sur la plaine is\u00e9roise, Grenoble et le massif de la Chartreuse. L&rsquo;ascension est progressive, c&rsquo;est une randonn\u00e9e qui peut \u00eatre faite en famille. Le retour se fait \u00e0 travers le domaine de ski nordique d&rsquo;Autrans.<\/strong><\/p>\n\n\n\n<h2 class=\"wp-block-heading\">Carte d&rsquo;identit\u00e9 du parcours<\/h2>\n\n\n\n<ul class=\"wp-block-list\"><li><strong>Distance \u00e0 parcourir<\/strong>&nbsp;: 17 km<\/li><li><strong>Altitude&nbsp;<\/strong>: min 1 124m, max 1 672 m<\/li><li><strong>D\u00e9part de&nbsp;: <\/strong>Autrans, Is\u00e8re (N 45.181875\u00b0 \/ E 5.540729\u00b0)<\/li><li><strong>Temps estim\u00e9&nbsp;<\/strong>: 5h<\/li><\/ul>\n\n\n\n<h2 class=\"wp-block-heading\">La rando en live<\/h2>\n\n\n\n<figure class=\"wp-block-video\"><video controls src=\"https:\/\/video.relive.cc\/98164112001_relive-tracker_1593282470020.mp4\"><\/video><figcaption>Vid\u00e9o r\u00e9alis\u00e9e gr\u00e2ce \u00e0 l&rsquo;appli Relive (infos : <a href=\"https:\/\/www.relive.cc\/\" target=\"_blank\" rel=\"noreferrer noopener\">www.relive.cc<\/a>)<\/figcaption><\/figure>\n\n\n\n<h2 class=\"wp-block-heading\">Galerie de photos<\/h2>\n\n\n<!-- publicalbum.org -->\n<div class=\"pa-gallery-player-widget\" style=\"display:none;width:100%;height:480px;\" data-title=\"Bec de l&#39;Orient au d\u00e9part d&#39;Autrans\" data-autoplay=\"true\" data-delay=\"2\"><img decoding=\"async\" data-src=\"https:\/\/lh3.googleusercontent.com\/BSMHiVTeGD0cy-7z37saWQ34Q--6HFufXOhuhZOP-fPcD7jnOPZdj0J1XWWD2NkXdCYMILqCtFulTSXGSsMnd27co9-CiWztbLFuABlw0gtuPfaid1tNJCVwcwCAcBkoX8qhDaN1cA=w1920-h1080\" src=\"\" alt=\"\" \/><img decoding=\"async\" data-src=\"https:\/\/lh3.googleusercontent.com\/B5m3W7jnucdmZDBYGKvyO2j0hdz3tL2dxDeEMKRCTg8x47oxQ_Rl7xssj6EdLvQ5ywkHKM_W5r9A7MR8I7NqPMdH5tWI1bNLi-cWrqWKD0hy7vRBJm36VbOx4bQzCYvfTY_DRoGP3A=w1920-h1080\" src=\"\" alt=\"\" \/><img decoding=\"async\" data-src=\"https:\/\/lh3.googleusercontent.com\/7278bjqRAPUSyeoma1KuOJxMojoXiJgD9JD6c0_gnqhbvvBHPVvQxQUW9BSGsg1z7TJZaAxon3vh1TSTx-n3haOlWjWdBt0sWHucjrulU24bHepVwjGlq4vO3thrFwYJn0m8R30Now=w1920-h1080\" src=\"\" alt=\"\" \/><img decoding=\"async\" data-src=\"https:\/\/lh3.googleusercontent.com\/3CmcHM-1sPHSiFBYkJbrcsaOM_4Yva331LPNMNQUnx52CVk0rSyvW2cX1YRzvqNGVDXbIq-QLIUI0gOE3ESq5-IPY8Tltnlk9va6l7DDiJRhw3FB6LWspIw1m9ud9fSMQmB_cMuxaw=w1920-h1080\" src=\"\" alt=\"\" \/><img decoding=\"async\" data-src=\"https:\/\/lh3.googleusercontent.com\/syyAWf6EV5wn3pmT1d2eA0zBO8qKlvu_f5139xIGqJ-91FhjgQJDoOE-TE4kvv8b_1F04yoRoN5JpeyWDHi3cQsQCSYN012_DHErqFwtLOZDQc-317Y0cFRzTko-ERDW2p4qU6FgoQ=w1920-h1080\" src=\"\" alt=\"\" \/><img decoding=\"async\" data-src=\"https:\/\/lh3.googleusercontent.com\/EMB01b356cwv0kXpCgaDA8NB8B8c0gHb-OD7Ja86EIc7eb5C2hTgv65zETDmaZfaJOWsOLdV5OBt5TR6aZhGxOpbW7jQ6k3MovrB7KBMns83uupI8XrFxVqdx2619ZNmqB9e8d6wmw=w1920-h1080\" src=\"\" alt=\"\" \/><img decoding=\"async\" data-src=\"https:\/\/lh3.googleusercontent.com\/pU1Hh2Ef6hoh0GOFmBySnxzcB4XSL8bUHr4oA-vzkxJlTzyMNKDwWgN8nMT8GA3Rdxmn_pznGTPPs1hY7F-Vt4Hdh2XoERY9xmlAjNdE3_dDrO0UGsQb7Ng1X-qdqM53_d8qgD1oJQ=w1920-h1080\" src=\"\" alt=\"\" \/><img decoding=\"async\" data-src=\"https:\/\/lh3.googleusercontent.com\/3988aw1Rl0vdHPtg8zaWcPGQhm2BOfOYtyLGz0WZWRm46gSndEwv-QKWvoif1TmJWPv-C-6Et_JHSMEYiVgS7FiT6paRWO0h3r5R4Y2RcCc04-P40X8r6pkrlDYyZDzoi_dj_U44-Q=w1920-h1080\" src=\"\" alt=\"\" \/><img decoding=\"async\" data-src=\"https:\/\/lh3.googleusercontent.com\/zkT6bDMBt4tFGpl2AT-AXlZvEs9URullxPcUOu3KTqOTPj08ODoHBNAUzCNcc204gHkPZcrntq9AdQqgZlr_kFZS4SAlj3khhG-W9CVrUa_o8wq2upXuj0gZGBjODtxJPg3iWx1evQ=w1920-h1080\" src=\"\" alt=\"\" \/><img decoding=\"async\" data-src=\"https:\/\/lh3.googleusercontent.com\/DKSGengtYRXAlLNtrxucwFPC8H9VpGZN3RPWH7F6EARvl-d8Rb0u8HVucWgXnGvHOkFHgCe44T-J656Cl0rZjy0fJp-0hyoKA8sv_v23kKfRe8-1zHTAFC25OZ851D_xekXaTS0N6g=w1920-h1080\" src=\"\" alt=\"\" \/><img decoding=\"async\" data-src=\"https:\/\/lh3.googleusercontent.com\/lD003spNSir0BAJtQArIW73uw_YEIkMUwPK4AyFEXlTKq5wGPtj4u9RJpq3cPR5c4LFVzAsxHZ-KUPG-PqKHtFpCboLp4GAuYNpmWc2NstM66N4SlC8A6QtCm7y9DAkeVqxrk6OFEA=w1920-h1080\" src=\"\" alt=\"\" \/><img decoding=\"async\" data-src=\"https:\/\/lh3.googleusercontent.com\/rLnIHTgVfH0S9SaBRK5KaRiSq_HmIBiAVKe9oEjWJteDhgffOxhFPaOadg_Ly-zPz94IlQcYXscVUYnvC_7W_4zLUHYW3bHL6sLJ05TNj-qqmESKPJikdDg_wlTWZqBW4SdXoxuN3w=w1920-h1080\" src=\"\" alt=\"\" \/><img decoding=\"async\" data-src=\"https:\/\/lh3.googleusercontent.com\/vR4rYYbCjeSsniDdhDK0z37iuoOn60U3HIrUMGvYquP_DV_Q8TPlusGn9rf4XKRD6a63B6o-hwu-pRkwsFQ1ACmOu0WQPx8vRncxdCFAgleoVfotbD9rL0Vb8YiLV0QeGrEoP-G0Ng=w1920-h1080\" src=\"\" alt=\"\" \/><img decoding=\"async\" data-src=\"https:\/\/lh3.googleusercontent.com\/zzZHe7ecDDxiIL7N_ELY66XjJLOiwnB2l4_4MRCZ4Y_TeaAfMBnQ-oKauBPIu5tjk784JBa960sgbyDd27BNiRwnHbTBON5tyNLyOlVOkEIIHz1pO6OA0yiNNkzSppdNw4YteRAHhA=w1920-h1080\" src=\"\" alt=\"\" \/><img decoding=\"async\" data-src=\"https:\/\/lh3.googleusercontent.com\/DIeWklMKppDN1d5eKk4lp820MlFPdXlc_KBA_2yUyiQinAZkjKMLwKfbw-nvE47ynwuhdvu00kNMvw_7ac3hGddKCei_jEhux798AJDPl2j0F2L5vxp_RoBs79dQI8wY-ZWsvcei6g=w1920-h1080\" src=\"\" alt=\"\" \/><img decoding=\"async\" data-src=\"https:\/\/lh3.googleusercontent.com\/gVE39SQoXWOYca39kQkqG9HUqnQ_1kyxxfCgKRnljcsgyfBsGdnUHzGCQ-RgTE6HphflZikdJjMv2tZdUayDsrlqGKaaAq520g21e2-vF5W1lfcMapl3K3HZSpnTzyBc2KDU5oMxFQ=w1920-h1080\" src=\"\" alt=\"\" \/><img decoding=\"async\" data-src=\"https:\/\/lh3.googleusercontent.com\/aJVTwbnAPubh5nL5y__n1XFZBx0O-Sv9VPKAneZLgotofvHtoBCah2VYdgtK_d1yTbkjCFlyY7zY-jVa6HbWGyUNuLREnhC8uA9ym2boglQZN0CixyoEr2-OHO1eY3QGfxyWF1sZbw=w1920-h1080\" src=\"\" alt=\"\" \/><img decoding=\"async\" data-src=\"https:\/\/lh3.googleusercontent.com\/Fj6WpQWBQEGZZ6_UjWxLQ6MDAa_xObLxJTIZKm8JqY5YZRACmqBAeXoq7YS9GiMV2dIN5UNKoDYLkxpkbIKO6TwMW14cFpQnmDPcfIOn1dDD2sKvnIBIdKB9_rsE1UwQm0Pj7xfnGA=w1920-h1080\" src=\"\" alt=\"\" \/><img decoding=\"async\" data-src=\"https:\/\/lh3.googleusercontent.com\/GCuLAqVq9zBM-i_TFN88vpH1WSr20De9MbxYESfVfg7RUoomw5oUet3J3heajZlrnd1UtSToorLAWSqcl2XDv50Q9KjideZ0Hq2Y_ShDeXYdAjyMwmvNxPO_bi2cYhDY9JXbS85Olg=w1920-h1080\" src=\"\" alt=\"\" \/><img decoding=\"async\" data-src=\"https:\/\/lh3.googleusercontent.com\/U5QBgD5mMMpF-0c0oEIVVuCQ66GB8TGTLGsuY3hzNzFq5Gp9ILAy-g9aWFPjGGQHpHHArUSxCev4dmdJGJEKtcdLGzQtzHzsKiBRJphKZ65-u7ohYbLzQikl3V-cOeMHu2C7Sgpk7w=w1920-h1080\" src=\"\" alt=\"\" \/><img decoding=\"async\" data-src=\"https:\/\/lh3.googleusercontent.com\/2G9Bgl3roKSZ2wJpgEhAm0RxBEQtHk_QPcYvteqwgP-cEUENo7X4bz1OcRr86ZLaO-ZmEdO8sgh1tKlOt0QLuHOhXubd9s8CeBQwYzWL-P3KryJOJqawrOvbKBKkgqVKLnjAdAMF5g=w1920-h1080\" src=\"\" alt=\"\" \/><img decoding=\"async\" data-src=\"https:\/\/lh3.googleusercontent.com\/3tQyPAKaK_NYcOMH42s-RCHLMcw01XR7GLwAuV9alRXaKWUktQi5a4c-gOpHyKCb4ihb4NiaEInY1Rnq8eQ8fDchdTK6YkYbOYBEo-lLJF9DefmcwMNyk3AakTLO4hJCOQ1g6x6Q9A=w1920-h1080\" src=\"\" alt=\"\" \/><img decoding=\"async\" data-src=\"https:\/\/lh3.googleusercontent.com\/FrWO_8swisB2gXFnnsSvKUW-R-q84aMwuKRBKb4Qc7ALPqYHDIUULUvrfhAnTDlKoNkBsFT02zYNPOaWR-BVWlppUrMpIH-vfINpU9ZJxr_E4A6F-7rz1N5wW5Nld4D2wwbFOn5oqg=w1920-h1080\" src=\"\" alt=\"\" \/><img decoding=\"async\" data-src=\"https:\/\/lh3.googleusercontent.com\/KPOcuVVlaDq_IKNlCA9B7WUPoAH8xOzzYtPK9M-8_LZlNGJglHMSZBBopc2sftOzCivc7SqQQpwELHB0yduPBqFH7R8vKUCfPWY3ePMVu2Dc-1ljdjib038Ps8b9Cg9XUPJoGF1y3w=w1920-h1080\" src=\"\" alt=\"\" \/><img decoding=\"async\" data-src=\"https:\/\/lh3.googleusercontent.com\/U5IQIyGR-gQyDLzQeoDcD_yighnDkdNN1NUDpQDDjl1XB4DQVR09OAbOhNBhiJdvDtj2zWbLRgLpEd5AEp6b8Rkz_zbsAYAqJP9gqeGCRpV7ko9sxRlz2QMMe89rjo0tLcR3A8DbcQ=w1920-h1080\" src=\"\" alt=\"\" \/><img decoding=\"async\" data-src=\"https:\/\/lh3.googleusercontent.com\/xH1FBjavHRmaMyZiTrsoJ0MBkugoAoOECbyVzQwqQgDk0wI00l8h8thIYlITZnPE9QInBw-hwSpNRtPrEtZeDP7mBC6A1LL57dkSqfdSICKKOUOPvkVj3vzQECodaM6KfATIWu5KzQ=w1920-h1080\" src=\"\" alt=\"\" \/><img decoding=\"async\" data-src=\"https:\/\/lh3.googleusercontent.com\/y1Qg6Z-CJGIXDSS5pcSlwaMmxMbPtlpJK0o5HitqRFtUj3kZfcFqJ_U1-yiFFNkbuBCroR7MG54bRSRyrTn3h6WgfCt205T1YoIVZaVxZ-QgtRKCMKqKnciNYwTpY5W8l6F7WLTXsg=w1920-h1080\" src=\"\" alt=\"\" \/><img decoding=\"async\" data-src=\"https:\/\/lh3.googleusercontent.com\/BbjFpm8CMwcNHTx_4gUKLLXPx3AvbjbZENMplB8nj_sWxJUniUgG2-3OJjZQySo7KwlfxTFDh77CSFDjLKhnpX-KTz6-TOUmHW5pDSgbUSi0-SyH2RykmDS-I7PjV59_z1QLr4Nj3Q=w1920-h1080\" src=\"\" alt=\"\" \/><img decoding=\"async\" data-src=\"https:\/\/lh3.googleusercontent.com\/S7ODaPyecUT4mV8p0K_kjhDfuxASOoEy_TlOMW3-KYIBbZGAJPovuWjXNa9yb6KKd7673b5NOUiPVGmhVOdPgFZNkGK4BQSb-54OhM-WI_-fjZpvC57k6sJyLaaLZ528IOc8X2ZqAQ=w1920-h1080\" src=\"\" alt=\"\" \/><img decoding=\"async\" data-src=\"https:\/\/lh3.googleusercontent.com\/g9cfMkO2sL8D6akansQoy7GtM9aIimPwM_YeSujk8Pvsij9uhJHhwF0WrLBSq8mozOslCe5Hg1tRw6LEdhX3SmiXOfJJpNLY2nZ02sswlOzpCognSUfqO6tgdhyy_pl9mTfAPqAVDQ=w1920-h1080\" src=\"\" alt=\"\" \/><img decoding=\"async\" data-src=\"https:\/\/lh3.googleusercontent.com\/hsmgU0yPgweQfgcZn2om4Id9Y8D4Q8Cr-u5cBXfxVNyfC77xyHiH3m3-ZqDMa2T-mpjhtvfxxHaGpyfjlJaTRjcQjxhQcBAxO1rMKb0cPTpccZKTHBYA8ZaqRY4qckick_ALvhJwaw=w1920-h1080\" src=\"\" alt=\"\" \/><\/div>\n\n\n\n\n<div style=\"height:50px\" aria-hidden=\"true\" class=\"wp-block-spacer\"><\/div>\n\n\n\n<h2 class=\"wp-block-heading\">Carte et courbe de d\u00e9nivel\u00e9<\/h2>\n\n\n\n<iframe frameborder=\"0\" scrolling=\"no\" src=\"https:\/\/www.wikiloc.com\/wikiloc\/spatialArtifacts.do?event=view&amp;id=51763658&amp;measures=on&amp;title=off&amp;near=off&amp;images=off&amp;maptype=T\" width=\"500\" height=\"400\"><\/iframe><div style=\"color:#777;font-size:11px;line-height:16px;\">Powered by <a style=\"color:#06d;font-size:11px;line-height:16px;\" target=\"_blank\" href=\"https:\/\/www.wikiloc.com\" rel=\"noopener noreferrer\">Wikiloc<\/a><\/div>\n\n\n<p style=\"text-align: center;\">&nbsp;<\/p>\n\n\n\n<h2 class=\"wp-block-heading\">Itin\u00e9raire de la randonn\u00e9e Bec de l&rsquo;Orient au d\u00e9part d&rsquo;Autrans<\/h2>\n\n\n\n<ul class=\"wp-block-list\"><li>D\u00e9part du <strong>Bourg de dessous \u00e0 Autrans<\/strong>, et prendre \u00e0 pied la direction du Bourg de dessus, et prendre le chemin de gauche qui passe dans la Combe de la Nave.<\/li><li>A l&#8217;embranchement suivant, prendre le <strong>GR9 <\/strong>\u00e0 droite sur le <strong>sentier de Pierre Taill\u00e9e<\/strong>. Admirer le panorama en contrebas (vue sur la plaine is\u00e9roise) et poursuivre jusqu&rsquo;au <strong>bec de l&rsquo;Orient<\/strong>.<\/li><li>S&rsquo;arr\u00eater pour pique-niquer \u00e0 la croix et admirer le paysage magnifique qui s&rsquo;offre \u00e0 vous : Grenoble, le massif de la Chartreuse et les montagnes environnantes.<\/li><li>continuer ensuite jusqu&rsquo;au Pas Brochier et descendre ensuite via le domaine skiable d&rsquo;Autrans en direction du <strong>refuge de G\u00e8ve<\/strong>. Profiter de la terrasse du refuge et de l&rsquo;endroit apaisant pour se d\u00e9salt\u00e9rer si besoin.<\/li><li>Poursuivre tout droit la route foresti\u00e8re de G\u00e8ve et continuer \u00e0 droite. Passer par <strong>les  Ep\u00e9ri\u00e8res <\/strong>et prendre \u00e0 travers champs pour retrouver le bourg du dessus, puis le Bourg du dessous.<\/li><\/ul>\n\n\n\n<div class=\"wp-block-buttons is-content-justification-center is-layout-flex wp-block-buttons-is-layout-flex\">\n<div class=\"wp-block-button is-style-outline is-style-outline--1\"><a class=\"wp-block-button__link has-very-dark-gray-color has-cyan-bluish-gray-background-color has-text-color has-background\" href=\"\/wp-content\/uploads\/gpx\/autrans-bec-de-lorient.gpx\" target=\"_blank\" rel=\"noreferrer noopener\">T\u00e9l\u00e9charger le fichier GPX du parcours<\/a><\/div>\n<\/div>\n\n\n\n<div style=\"height:50px\" aria-hidden=\"true\" class=\"wp-block-spacer\"><\/div>\n","protected":false},"excerpt":{"rendered":"<p>Une randonn\u00e9e estivale au d\u00e9part du village d&rsquo;Autrans, dans le Vercors, qui monte au bec de l&rsquo;Orient et qui offre une vue remarquable sur la plaine is\u00e9roise, Grenoble et le massif de la Chartreuse. L&rsquo;ascension est progressive, c&rsquo;est une randonn\u00e9e qui peut \u00eatre faite en famille. Le retour se fait \u00e0 travers le domaine de ski nordique d&rsquo;Autrans.<\/p>\n","protected":false},"author":1,"featured_media":2707,"comment_status":"closed","ping_status":"open","sticky":false,"template":"","format":"standard","meta":{"_mo_disable_npp":"","advgb_blocks_editor_width":"","advgb_blocks_columns_visual_guide":"","site-sidebar-layout":"default","site-content-layout":"default","ast-site-content-layout":"default","site-content-style":"default","site-sidebar-style":"default","ast-global-header-display":"","ast-banner-title-visibility":"","ast-main-header-display":"","ast-hfb-above-header-display":"","ast-hfb-below-header-display":"","ast-hfb-mobile-header-display":"","site-post-title":"","ast-breadcrumbs-content":"","ast-featured-img":"","footer-sml-layout":"","ast-disable-related-posts":"","theme-transparent-header-meta":"default","adv-header-id-meta":"","stick-header-meta":"","header-above-stick-meta":"","header-main-stick-meta":"","header-below-stick-meta":"","astra-migrate-meta-layouts":"default","ast-page-background-enabled":"default","ast-page-background-meta":{"desktop":{"background-color":"","background-image":"","background-repeat":"repeat","background-position":"center center","background-size":"auto","background-attachment":"scroll","background-type":"","background-media":"","overlay-type":"","overlay-color":"","overlay-opacity":"","overlay-gradient":""},"tablet":{"background-color":"","background-image":"","background-repeat":"repeat","background-position":"center center","background-size":"auto","background-attachment":"scroll","background-type":"","background-media":"","overlay-type":"","overlay-color":"","overlay-opacity":"","overlay-gradient":""},"mobile":{"background-color":"","background-image":"","background-repeat":"repeat","background-position":"center center","background-size":"auto","background-attachment":"scroll","background-type":"","background-media":"","overlay-type":"","overlay-color":"","overlay-opacity":"","overlay-gradient":""}},"ast-content-background-meta":{"desktop":{"background-color":"var(--ast-global-color-5)","background-image":"","background-repeat":"repeat","background-position":"center center","background-size":"auto","background-attachment":"scroll","background-type":"","background-media":"","overlay-type":"","overlay-color":"","overlay-opacity":"","overlay-gradient":""},"tablet":{"background-color":"var(--ast-global-color-5)","background-image":"","background-repeat":"repeat","background-position":"center center","background-size":"auto","background-attachment":"scroll","background-type":"","background-media":"","overlay-type":"","overlay-color":"","overlay-opacity":"","overlay-gradient":""},"mobile":{"background-color":"var(--ast-global-color-5)","background-image":"","background-repeat":"repeat","background-position":"center center","background-size":"auto","background-attachment":"scroll","background-type":"","background-media":"","overlay-type":"","overlay-color":"","overlay-opacity":"","overlay-gradient":""}},"footnotes":""},"categories":[33,22],"tags":[],"class_list":["post-2051","post","type-post","status-publish","format-standard","has-post-thumbnail","hentry","category-ete","category-vercors"],"yoast_head":"<!-- This site is optimized with the Yoast SEO plugin v26.7 - https:\/\/yoast.com\/wordpress\/plugins\/seo\/ -->\n<title>Le Bec de l&#039;Orient au d\u00e9part d&#039;Autrans randonn\u00e9e estivale<\/title>\n<meta name=\"description\" content=\"Une randonn\u00e9e estivale au d\u00e9part du village d&#039;Autrans, dans le Vercors, qui monte au bec de l&#039;Orient et offre une jolie vue sur Grenoble\" \/>\n<meta name=\"robots\" content=\"index, follow, max-snippet:-1, max-image-preview:large, max-video-preview:-1\" \/>\n<link rel=\"canonical\" href=\"https:\/\/le-temps-dune-rando.fr\/index.php\/2020\/07\/24\/le-bec-de-lorient-au-depart-dautrans\/\" \/>\n<meta property=\"og:locale\" content=\"fr_FR\" \/>\n<meta property=\"og:type\" content=\"article\" \/>\n<meta property=\"og:title\" content=\"Le Bec de l&#039;Orient au d\u00e9part d&#039;Autrans randonn\u00e9e estivale\" \/>\n<meta property=\"og:description\" content=\"Une randonn\u00e9e estivale au d\u00e9part du village d&#039;Autrans, dans le Vercors, qui monte au bec de l&#039;Orient et offre une jolie vue sur Grenoble\" \/>\n<meta property=\"og:url\" content=\"https:\/\/le-temps-dune-rando.fr\/index.php\/2020\/07\/24\/le-bec-de-lorient-au-depart-dautrans\/\" \/>\n<meta property=\"og:site_name\" content=\"Le temps d&#039;une rando\" \/>\n<meta property=\"article:published_time\" content=\"2020-07-24T13:44:51+00:00\" \/>\n<meta property=\"article:modified_time\" content=\"2021-03-28T17:14:15+00:00\" \/>\n<meta property=\"og:image\" content=\"https:\/\/le-temps-dune-rando.fr\/wp-content\/uploads\/2020\/07\/autrans_bec_de_lorient-1024x450-1.jpg\" \/>\n\t<meta property=\"og:image:width\" content=\"1024\" \/>\n\t<meta property=\"og:image:height\" content=\"450\" \/>\n\t<meta property=\"og:image:type\" content=\"image\/jpeg\" \/>\n<meta name=\"author\" content=\"Anne &amp; Romain\" \/>\n<meta name=\"twitter:card\" content=\"summary_large_image\" \/>\n<meta name=\"twitter:label1\" content=\"\u00c9crit par\" \/>\n\t<meta name=\"twitter:data1\" content=\"Anne &amp; Romain\" \/>\n\t<meta name=\"twitter:label2\" content=\"Dur\u00e9e de lecture estim\u00e9e\" \/>\n\t<meta name=\"twitter:data2\" content=\"2 minutes\" \/>\n<script type=\"application\/ld+json\" class=\"yoast-schema-graph\">{\"@context\":\"https:\/\/schema.org\",\"@graph\":[{\"@type\":\"Article\",\"@id\":\"https:\/\/le-temps-dune-rando.fr\/index.php\/2020\/07\/24\/le-bec-de-lorient-au-depart-dautrans\/#article\",\"isPartOf\":{\"@id\":\"https:\/\/le-temps-dune-rando.fr\/index.php\/2020\/07\/24\/le-bec-de-lorient-au-depart-dautrans\/\"},\"author\":{\"name\":\"Anne &amp; Romain\",\"@id\":\"https:\/\/le-temps-dune-rando.fr\/#\/schema\/person\/26d1113ab5fa4233cdc8f0c4c74be7dc\"},\"headline\":\"Le Bec de l&rsquo;Orient au d\u00e9part d&rsquo;Autrans\",\"datePublished\":\"2020-07-24T13:44:51+00:00\",\"dateModified\":\"2021-03-28T17:14:15+00:00\",\"mainEntityOfPage\":{\"@id\":\"https:\/\/le-temps-dune-rando.fr\/index.php\/2020\/07\/24\/le-bec-de-lorient-au-depart-dautrans\/\"},\"wordCount\":337,\"publisher\":{\"@id\":\"https:\/\/le-temps-dune-rando.fr\/#organization\"},\"image\":{\"@id\":\"https:\/\/le-temps-dune-rando.fr\/index.php\/2020\/07\/24\/le-bec-de-lorient-au-depart-dautrans\/#primaryimage\"},\"thumbnailUrl\":\"https:\/\/le-temps-dune-rando.fr\/wp-content\/uploads\/2020\/07\/autrans_bec_de_lorient-1024x450-1.jpg\",\"articleSection\":[\"Randos \u00e9t\u00e9\",\"Vercors\"],\"inLanguage\":\"fr-FR\"},{\"@type\":\"WebPage\",\"@id\":\"https:\/\/le-temps-dune-rando.fr\/index.php\/2020\/07\/24\/le-bec-de-lorient-au-depart-dautrans\/\",\"url\":\"https:\/\/le-temps-dune-rando.fr\/index.php\/2020\/07\/24\/le-bec-de-lorient-au-depart-dautrans\/\",\"name\":\"Le Bec de l'Orient au d\u00e9part d'Autrans randonn\u00e9e estivale\",\"isPartOf\":{\"@id\":\"https:\/\/le-temps-dune-rando.fr\/#website\"},\"primaryImageOfPage\":{\"@id\":\"https:\/\/le-temps-dune-rando.fr\/index.php\/2020\/07\/24\/le-bec-de-lorient-au-depart-dautrans\/#primaryimage\"},\"image\":{\"@id\":\"https:\/\/le-temps-dune-rando.fr\/index.php\/2020\/07\/24\/le-bec-de-lorient-au-depart-dautrans\/#primaryimage\"},\"thumbnailUrl\":\"https:\/\/le-temps-dune-rando.fr\/wp-content\/uploads\/2020\/07\/autrans_bec_de_lorient-1024x450-1.jpg\",\"datePublished\":\"2020-07-24T13:44:51+00:00\",\"dateModified\":\"2021-03-28T17:14:15+00:00\",\"description\":\"Une randonn\u00e9e estivale au d\u00e9part du village d'Autrans, dans le Vercors, qui monte au bec de l'Orient et offre une jolie vue sur Grenoble\",\"breadcrumb\":{\"@id\":\"https:\/\/le-temps-dune-rando.fr\/index.php\/2020\/07\/24\/le-bec-de-lorient-au-depart-dautrans\/#breadcrumb\"},\"inLanguage\":\"fr-FR\",\"potentialAction\":[{\"@type\":\"ReadAction\",\"target\":[\"https:\/\/le-temps-dune-rando.fr\/index.php\/2020\/07\/24\/le-bec-de-lorient-au-depart-dautrans\/\"]}]},{\"@type\":\"ImageObject\",\"inLanguage\":\"fr-FR\",\"@id\":\"https:\/\/le-temps-dune-rando.fr\/index.php\/2020\/07\/24\/le-bec-de-lorient-au-depart-dautrans\/#primaryimage\",\"url\":\"https:\/\/le-temps-dune-rando.fr\/wp-content\/uploads\/2020\/07\/autrans_bec_de_lorient-1024x450-1.jpg\",\"contentUrl\":\"https:\/\/le-temps-dune-rando.fr\/wp-content\/uploads\/2020\/07\/autrans_bec_de_lorient-1024x450-1.jpg\",\"width\":1024,\"height\":450,\"caption\":\"Bec de l'Orient \u00e0 Autrans\"},{\"@type\":\"BreadcrumbList\",\"@id\":\"https:\/\/le-temps-dune-rando.fr\/index.php\/2020\/07\/24\/le-bec-de-lorient-au-depart-dautrans\/#breadcrumb\",\"itemListElement\":[{\"@type\":\"ListItem\",\"position\":1,\"name\":\"Accueil\",\"item\":\"https:\/\/le-temps-dune-rando.fr\/\"},{\"@type\":\"ListItem\",\"position\":2,\"name\":\"Le Bec de l&rsquo;Orient au d\u00e9part d&rsquo;Autrans\"}]},{\"@type\":\"WebSite\",\"@id\":\"https:\/\/le-temps-dune-rando.fr\/#website\",\"url\":\"https:\/\/le-temps-dune-rando.fr\/\",\"name\":\"Le temps d&#039;une rando\",\"description\":\"Des randonn\u00e9es nature dans le Vercors, pour une journ\u00e9e ou un week-end\",\"publisher\":{\"@id\":\"https:\/\/le-temps-dune-rando.fr\/#organization\"},\"potentialAction\":[{\"@type\":\"SearchAction\",\"target\":{\"@type\":\"EntryPoint\",\"urlTemplate\":\"https:\/\/le-temps-dune-rando.fr\/?s={search_term_string}\"},\"query-input\":{\"@type\":\"PropertyValueSpecification\",\"valueRequired\":true,\"valueName\":\"search_term_string\"}}],\"inLanguage\":\"fr-FR\"},{\"@type\":\"Organization\",\"@id\":\"https:\/\/le-temps-dune-rando.fr\/#organization\",\"name\":\"Le temps d&#039;une rando\",\"url\":\"https:\/\/le-temps-dune-rando.fr\/\",\"logo\":{\"@type\":\"ImageObject\",\"inLanguage\":\"fr-FR\",\"@id\":\"https:\/\/le-temps-dune-rando.fr\/#\/schema\/logo\/image\/\",\"url\":\"https:\/\/le-temps-dune-rando.fr\/wp-content\/uploads\/2020\/06\/cropped-Temps_dune_rando.png\",\"contentUrl\":\"https:\/\/le-temps-dune-rando.fr\/wp-content\/uploads\/2020\/06\/cropped-Temps_dune_rando.png\",\"width\":496,\"height\":117,\"caption\":\"Le temps d&#039;une rando\"},\"image\":{\"@id\":\"https:\/\/le-temps-dune-rando.fr\/#\/schema\/logo\/image\/\"}},{\"@type\":\"Person\",\"@id\":\"https:\/\/le-temps-dune-rando.fr\/#\/schema\/person\/26d1113ab5fa4233cdc8f0c4c74be7dc\",\"name\":\"Anne &amp; Romain\",\"image\":{\"@type\":\"ImageObject\",\"inLanguage\":\"fr-FR\",\"@id\":\"https:\/\/le-temps-dune-rando.fr\/#\/schema\/person\/image\/\",\"url\":\"https:\/\/secure.gravatar.com\/avatar\/6a4dc893f499c50b6e6cc7d908e9a85e2216765d8f4085b99f76c80188f36745?s=96&d=mm&r=g\",\"contentUrl\":\"https:\/\/secure.gravatar.com\/avatar\/6a4dc893f499c50b6e6cc7d908e9a85e2216765d8f4085b99f76c80188f36745?s=96&d=mm&r=g\",\"caption\":\"Anne &amp; Romain\"},\"description\":\"\u00ab Aime ce que tu fais, fais ce que tu aimes \u00bb Nous aimons la nature, la montagne, l'altitude. Ces endroits nous ressourcent. Anne se nourrit de randonn\u00e9es, de paysages, de contacts avec la nature. Romain aime tester des applications informatiques et mobiles, des outils, en live. Nous avons eu envie de combiner nos atouts dans ce blog, et partager nos passions : les randonn\u00e9es, la montagne, le respect de l'environnement et les nouvelles technologies.\",\"url\":\"https:\/\/le-temps-dune-rando.fr\/index.php\/author\/letempsanlu69007\/\"}]}<\/script>\n<!-- \/ Yoast SEO plugin. -->","yoast_head_json":{"title":"Le Bec de l'Orient au d\u00e9part d'Autrans randonn\u00e9e estivale","description":"Une randonn\u00e9e estivale au d\u00e9part du village d'Autrans, dans le Vercors, qui monte au bec de l'Orient et offre une jolie vue sur Grenoble","robots":{"index":"index","follow":"follow","max-snippet":"max-snippet:-1","max-image-preview":"max-image-preview:large","max-video-preview":"max-video-preview:-1"},"canonical":"https:\/\/le-temps-dune-rando.fr\/index.php\/2020\/07\/24\/le-bec-de-lorient-au-depart-dautrans\/","og_locale":"fr_FR","og_type":"article","og_title":"Le Bec de l'Orient au d\u00e9part d'Autrans randonn\u00e9e estivale","og_description":"Une randonn\u00e9e estivale au d\u00e9part du village d'Autrans, dans le Vercors, qui monte au bec de l'Orient et offre une jolie vue sur Grenoble","og_url":"https:\/\/le-temps-dune-rando.fr\/index.php\/2020\/07\/24\/le-bec-de-lorient-au-depart-dautrans\/","og_site_name":"Le temps d&#039;une rando","article_published_time":"2020-07-24T13:44:51+00:00","article_modified_time":"2021-03-28T17:14:15+00:00","og_image":[{"width":1024,"height":450,"url":"https:\/\/le-temps-dune-rando.fr\/wp-content\/uploads\/2020\/07\/autrans_bec_de_lorient-1024x450-1.jpg","type":"image\/jpeg"}],"author":"Anne &amp; Romain","twitter_card":"summary_large_image","twitter_misc":{"\u00c9crit par":"Anne &amp; Romain","Dur\u00e9e de lecture estim\u00e9e":"2 minutes"},"schema":{"@context":"https:\/\/schema.org","@graph":[{"@type":"Article","@id":"https:\/\/le-temps-dune-rando.fr\/index.php\/2020\/07\/24\/le-bec-de-lorient-au-depart-dautrans\/#article","isPartOf":{"@id":"https:\/\/le-temps-dune-rando.fr\/index.php\/2020\/07\/24\/le-bec-de-lorient-au-depart-dautrans\/"},"author":{"name":"Anne &amp; Romain","@id":"https:\/\/le-temps-dune-rando.fr\/#\/schema\/person\/26d1113ab5fa4233cdc8f0c4c74be7dc"},"headline":"Le Bec de l&rsquo;Orient au d\u00e9part d&rsquo;Autrans","datePublished":"2020-07-24T13:44:51+00:00","dateModified":"2021-03-28T17:14:15+00:00","mainEntityOfPage":{"@id":"https:\/\/le-temps-dune-rando.fr\/index.php\/2020\/07\/24\/le-bec-de-lorient-au-depart-dautrans\/"},"wordCount":337,"publisher":{"@id":"https:\/\/le-temps-dune-rando.fr\/#organization"},"image":{"@id":"https:\/\/le-temps-dune-rando.fr\/index.php\/2020\/07\/24\/le-bec-de-lorient-au-depart-dautrans\/#primaryimage"},"thumbnailUrl":"https:\/\/le-temps-dune-rando.fr\/wp-content\/uploads\/2020\/07\/autrans_bec_de_lorient-1024x450-1.jpg","articleSection":["Randos \u00e9t\u00e9","Vercors"],"inLanguage":"fr-FR"},{"@type":"WebPage","@id":"https:\/\/le-temps-dune-rando.fr\/index.php\/2020\/07\/24\/le-bec-de-lorient-au-depart-dautrans\/","url":"https:\/\/le-temps-dune-rando.fr\/index.php\/2020\/07\/24\/le-bec-de-lorient-au-depart-dautrans\/","name":"Le Bec de l'Orient au d\u00e9part d'Autrans randonn\u00e9e estivale","isPartOf":{"@id":"https:\/\/le-temps-dune-rando.fr\/#website"},"primaryImageOfPage":{"@id":"https:\/\/le-temps-dune-rando.fr\/index.php\/2020\/07\/24\/le-bec-de-lorient-au-depart-dautrans\/#primaryimage"},"image":{"@id":"https:\/\/le-temps-dune-rando.fr\/index.php\/2020\/07\/24\/le-bec-de-lorient-au-depart-dautrans\/#primaryimage"},"thumbnailUrl":"https:\/\/le-temps-dune-rando.fr\/wp-content\/uploads\/2020\/07\/autrans_bec_de_lorient-1024x450-1.jpg","datePublished":"2020-07-24T13:44:51+00:00","dateModified":"2021-03-28T17:14:15+00:00","description":"Une randonn\u00e9e estivale au d\u00e9part du village d'Autrans, dans le Vercors, qui monte au bec de l'Orient et offre une jolie vue sur Grenoble","breadcrumb":{"@id":"https:\/\/le-temps-dune-rando.fr\/index.php\/2020\/07\/24\/le-bec-de-lorient-au-depart-dautrans\/#breadcrumb"},"inLanguage":"fr-FR","potentialAction":[{"@type":"ReadAction","target":["https:\/\/le-temps-dune-rando.fr\/index.php\/2020\/07\/24\/le-bec-de-lorient-au-depart-dautrans\/"]}]},{"@type":"ImageObject","inLanguage":"fr-FR","@id":"https:\/\/le-temps-dune-rando.fr\/index.php\/2020\/07\/24\/le-bec-de-lorient-au-depart-dautrans\/#primaryimage","url":"https:\/\/le-temps-dune-rando.fr\/wp-content\/uploads\/2020\/07\/autrans_bec_de_lorient-1024x450-1.jpg","contentUrl":"https:\/\/le-temps-dune-rando.fr\/wp-content\/uploads\/2020\/07\/autrans_bec_de_lorient-1024x450-1.jpg","width":1024,"height":450,"caption":"Bec de l'Orient \u00e0 Autrans"},{"@type":"BreadcrumbList","@id":"https:\/\/le-temps-dune-rando.fr\/index.php\/2020\/07\/24\/le-bec-de-lorient-au-depart-dautrans\/#breadcrumb","itemListElement":[{"@type":"ListItem","position":1,"name":"Accueil","item":"https:\/\/le-temps-dune-rando.fr\/"},{"@type":"ListItem","position":2,"name":"Le Bec de l&rsquo;Orient au d\u00e9part d&rsquo;Autrans"}]},{"@type":"WebSite","@id":"https:\/\/le-temps-dune-rando.fr\/#website","url":"https:\/\/le-temps-dune-rando.fr\/","name":"Le temps d&#039;une rando","description":"Des randonn\u00e9es nature dans le Vercors, pour une journ\u00e9e ou un week-end","publisher":{"@id":"https:\/\/le-temps-dune-rando.fr\/#organization"},"potentialAction":[{"@type":"SearchAction","target":{"@type":"EntryPoint","urlTemplate":"https:\/\/le-temps-dune-rando.fr\/?s={search_term_string}"},"query-input":{"@type":"PropertyValueSpecification","valueRequired":true,"valueName":"search_term_string"}}],"inLanguage":"fr-FR"},{"@type":"Organization","@id":"https:\/\/le-temps-dune-rando.fr\/#organization","name":"Le temps d&#039;une rando","url":"https:\/\/le-temps-dune-rando.fr\/","logo":{"@type":"ImageObject","inLanguage":"fr-FR","@id":"https:\/\/le-temps-dune-rando.fr\/#\/schema\/logo\/image\/","url":"https:\/\/le-temps-dune-rando.fr\/wp-content\/uploads\/2020\/06\/cropped-Temps_dune_rando.png","contentUrl":"https:\/\/le-temps-dune-rando.fr\/wp-content\/uploads\/2020\/06\/cropped-Temps_dune_rando.png","width":496,"height":117,"caption":"Le temps d&#039;une rando"},"image":{"@id":"https:\/\/le-temps-dune-rando.fr\/#\/schema\/logo\/image\/"}},{"@type":"Person","@id":"https:\/\/le-temps-dune-rando.fr\/#\/schema\/person\/26d1113ab5fa4233cdc8f0c4c74be7dc","name":"Anne &amp; Romain","image":{"@type":"ImageObject","inLanguage":"fr-FR","@id":"https:\/\/le-temps-dune-rando.fr\/#\/schema\/person\/image\/","url":"https:\/\/secure.gravatar.com\/avatar\/6a4dc893f499c50b6e6cc7d908e9a85e2216765d8f4085b99f76c80188f36745?s=96&d=mm&r=g","contentUrl":"https:\/\/secure.gravatar.com\/avatar\/6a4dc893f499c50b6e6cc7d908e9a85e2216765d8f4085b99f76c80188f36745?s=96&d=mm&r=g","caption":"Anne &amp; Romain"},"description":"\u00ab Aime ce que tu fais, fais ce que tu aimes \u00bb Nous aimons la nature, la montagne, l'altitude. Ces endroits nous ressourcent. Anne se nourrit de randonn\u00e9es, de paysages, de contacts avec la nature. Romain aime tester des applications informatiques et mobiles, des outils, en live. Nous avons eu envie de combiner nos atouts dans ce blog, et partager nos passions : les randonn\u00e9es, la montagne, le respect de l'environnement et les nouvelles technologies.","url":"https:\/\/le-temps-dune-rando.fr\/index.php\/author\/letempsanlu69007\/"}]}},"author_meta":{"display_name":"Anne &amp; Romain","author_link":"https:\/\/le-temps-dune-rando.fr\/index.php\/author\/letempsanlu69007\/"},"featured_img":"https:\/\/le-temps-dune-rando.fr\/wp-content\/uploads\/2020\/07\/autrans_bec_de_lorient-1024x450-1-300x132.jpg","coauthors":[],"tax_additional":{"categories":{"linked":["<a href=\"https:\/\/le-temps-dune-rando.fr\/index.php\/category\/ete\/\" class=\"advgb-post-tax-term\">Randos \u00e9t\u00e9<\/a>","<a href=\"https:\/\/le-temps-dune-rando.fr\/index.php\/category\/vercors\/\" class=\"advgb-post-tax-term\">Vercors<\/a>"],"unlinked":["<span class=\"advgb-post-tax-term\">Randos \u00e9t\u00e9<\/span>","<span class=\"advgb-post-tax-term\">Vercors<\/span>"]}},"comment_count":"0","relative_dates":{"created":"Publi\u00e9 6 ans il y a","modified":"Mis \u00e0 jour 5 ans il y a"},"absolute_dates":{"created":"Publi\u00e9 le 24 juillet 2020","modified":"Mise \u00e0 jour le 28 mars 2021"},"absolute_dates_time":{"created":"Publi\u00e9 le 24 juillet 2020 15 h 44 min","modified":"Mise \u00e0 jour le 28 mars 2021 19 h 14 min"},"featured_img_caption":"","series_order":"","_links":{"self":[{"href":"https:\/\/le-temps-dune-rando.fr\/index.php\/wp-json\/wp\/v2\/posts\/2051","targetHints":{"allow":["GET"]}}],"collection":[{"href":"https:\/\/le-temps-dune-rando.fr\/index.php\/wp-json\/wp\/v2\/posts"}],"about":[{"href":"https:\/\/le-temps-dune-rando.fr\/index.php\/wp-json\/wp\/v2\/types\/post"}],"author":[{"embeddable":true,"href":"https:\/\/le-temps-dune-rando.fr\/index.php\/wp-json\/wp\/v2\/users\/1"}],"replies":[{"embeddable":true,"href":"https:\/\/le-temps-dune-rando.fr\/index.php\/wp-json\/wp\/v2\/comments?post=2051"}],"version-history":[{"count":22,"href":"https:\/\/le-temps-dune-rando.fr\/index.php\/wp-json\/wp\/v2\/posts\/2051\/revisions"}],"predecessor-version":[{"id":2714,"href":"https:\/\/le-temps-dune-rando.fr\/index.php\/wp-json\/wp\/v2\/posts\/2051\/revisions\/2714"}],"wp:featuredmedia":[{"embeddable":true,"href":"https:\/\/le-temps-dune-rando.fr\/index.php\/wp-json\/wp\/v2\/media\/2707"}],"wp:attachment":[{"href":"https:\/\/le-temps-dune-rando.fr\/index.php\/wp-json\/wp\/v2\/media?parent=2051"}],"wp:term":[{"taxonomy":"category","embeddable":true,"href":"https:\/\/le-temps-dune-rando.fr\/index.php\/wp-json\/wp\/v2\/categories?post=2051"},{"taxonomy":"post_tag","embeddable":true,"href":"https:\/\/le-temps-dune-rando.fr\/index.php\/wp-json\/wp\/v2\/tags?post=2051"}],"curies":[{"name":"wp","href":"https:\/\/api.w.org\/{rel}","templated":true}]}}