{"id":2078,"date":"2020-07-24T16:26:56","date_gmt":"2020-07-24T14:26:56","guid":{"rendered":"https:\/\/le-temps-dune-rando.fr\/?p=2078"},"modified":"2021-03-28T19:13:40","modified_gmt":"2021-03-28T17:13:40","slug":"la-buffe-au-depart-de-la-station-dautrans","status":"publish","type":"post","link":"https:\/\/le-temps-dune-rando.fr\/index.php\/2020\/07\/24\/la-buffe-au-depart-de-la-station-dautrans\/","title":{"rendered":"La Buffe au d\u00e9part de la station d&rsquo;Autrans"},"content":{"rendered":"\n<p><strong>Une randonn\u00e9e estivale plut\u00f4t facile, au d\u00e9part de la station de ski d&rsquo;Autrans dans le Vercors. Mont\u00e9e \u00e0 travers la for\u00eat vers la Grande Br\u00e8che, puis direction la Buffe, qui offre une vue \u00e0 360\u00b0 sur Grenoble, le massif de la Chartreuse, le plateau du Vercors, ainsi que ses sommets (Grande Moucherolle, Pic Saint-Michel).<\/strong><\/p>\n\n\n\n<h2 class=\"wp-block-heading\">Carte d&rsquo;identit\u00e9 du parcours<\/h2>\n\n\n\n<ul class=\"wp-block-list\"><li><strong>Distance \u00e0 parcourir<\/strong>&nbsp;: 10 km<\/li><li><strong>Altitude&nbsp;<\/strong>: min 1 306 m, max 1 671 m<\/li><li><strong>D\u00e9part de&nbsp;: <\/strong>Autrans, Is\u00e8re (N 45.225988\u00b0 \/ E 5.580921\u00b0)<\/li><li><strong>Temps estim\u00e9&nbsp;<\/strong>: 3h<\/li><\/ul>\n\n\n\n<h2 class=\"wp-block-heading\">La rando en live<\/h2>\n\n\n\n<figure class=\"wp-block-video\"><video controls src=\"https:\/\/video.relive.cc\/14884832001_relive_1595089027160.mp4\"><\/video><figcaption>Vid\u00e9o r\u00e9alis\u00e9e gr\u00e2ce \u00e0 l&rsquo;appli Relive (infos : <a href=\"https:\/\/www.relive.cc\/\" target=\"_blank\" rel=\"noreferrer noopener\">www.relive.cc<\/a>)<\/figcaption><\/figure>\n\n\n\n<h2 class=\"wp-block-heading\">Galerie de photos<\/h2>\n\n\n<!-- publicalbum.org -->\n<div class=\"pa-gallery-player-widget\" style=\"display:none;width:100%;height:480px;\" data-title=\"2020 Rando la Buffe\" data-autoplay=\"true\" data-delay=\"2\"><img decoding=\"async\" data-src=\"https:\/\/lh3.googleusercontent.com\/zFmF04Sq5HWrkeBFEl_PcUkpup2lIgZ0R7gwuM2dx6UYW8Me8f_yQbCdrBnvD91srb5GhJAQeUs5czhJ6v1Z3IdD9li1BuYAiV15x4dw7PNR8GEz6YLZqS1KzsdEx36pw0_4GHpfuw=w1920-h1080\" src=\"\" alt=\"\" \/><img decoding=\"async\" data-src=\"https:\/\/lh3.googleusercontent.com\/EgPF1wZBXgiqMvOcKW5QlBxiVSwEO1oLZJDeOIjgOWJcxJgHya7kAiOMIKvZiJobEjMq76Zd9AsmNMKcEgZdQV_40frb55kQjvXHXGlees1ZeCPNPnQwZvw8MQb6Phqph3glpr7MkQ=w1920-h1080\" src=\"\" alt=\"\" \/><img decoding=\"async\" data-src=\"https:\/\/lh3.googleusercontent.com\/R4ha71XxgnQENNVlVl65tKjCY4NvMQFiwyhVmGgftVCBdRrQwhe_Rgg41cEz4hmdc-BhKoRhF8hFXeRPg0klMHZVCMH2X24qAhBTmRlsDpViFbD_Gag5jMVqHl868nR386EhNRCJvw=w1920-h1080\" src=\"\" alt=\"\" \/><img decoding=\"async\" data-src=\"https:\/\/lh3.googleusercontent.com\/RAcXl-d9ogTDkjjqBCXuYCvQ-ToD22NvZwyvyCmFj2cy8-rRWsNoWysfzfuhoMSXwIKa8zeLH9cqldueXjFp3B6yhHiMf86VqUXU1jApCZvo0Nl_utv38hVIsHnqSZXr9EdL6KZ_Vg=w1920-h1080\" src=\"\" alt=\"\" \/><img decoding=\"async\" data-src=\"https:\/\/lh3.googleusercontent.com\/Lb-gsMozcUXBGYU1YamWh--RCsRkpLgkh_56sBQ5pEmgS0-d68huZGSS6QWkXfq95hnvqPVnZ_90KbutGYTvYUZw1bz_dgnl1JbnJlx3UOnpOqIehpagKIsmjkeNjMc-NWisy4OQKg=w1920-h1080\" src=\"\" alt=\"\" \/><img decoding=\"async\" data-src=\"https:\/\/lh3.googleusercontent.com\/AIg8V10IoOovUdhd0nLmBomxFOdor_RtBXkeixsJhJut7pg3G2_qD6xNeZVkt9QXW_6SSQqceM4U9lXTH_elT38Y5hX3BRYNmiNET5gMl_S82pgq_0TcZrvksdbcTCW2l0vOxw72UQ=w1920-h1080\" src=\"\" alt=\"\" \/><img decoding=\"async\" data-src=\"https:\/\/lh3.googleusercontent.com\/3wNksRxcDXnvFo-P3wFM4yW_dG2C_bjCW_7nHB0YW38oszTJhgn6zIszxhcELoK2LcxXC-19_QDijUY3WWKNiGiOPTh_o7i2czvMKdbjHBfvrcr4mpeujyDHkJcqK7uUwmsxFn1byw=w1920-h1080\" src=\"\" alt=\"\" \/><img decoding=\"async\" data-src=\"https:\/\/lh3.googleusercontent.com\/DBp5prFmoEnS8yGN67WPWqh9aU-iEbVO9DTf2ZuMTwulbVzrNWBdSMG6JO7D65WM6_Wvjuju9ccKlzyFjkRU0uCLd3yUN0C9sdcM05ObTt0b4cGlRqDELUpLqj8_Pl18gSl298ZFgw=w1920-h1080\" src=\"\" alt=\"\" \/><img decoding=\"async\" data-src=\"https:\/\/lh3.googleusercontent.com\/MUiJtDHdV200vls-wq3XV-Wga6W4APhBu3XgGsw9QfDnIB60Qn9eH2MYsZYr9BQhi29IWuO1wW0QgEsZ0Fe881wMfrdt6F0YA-DFk0Hb-leKHGVrQx0uOA81Ga_71y4HI7LakbXLAw=w1920-h1080\" src=\"\" alt=\"\" \/><img decoding=\"async\" data-src=\"https:\/\/lh3.googleusercontent.com\/FEML4Ja5rvMSNOHGVG1E1ltLDkB_m6f8d-7F8trY_EuXGZRCp7ofmsB157chlYIB9vABO2YB2PHCwX2IzRzXnQzja6RwXhGM0DSNRTtxdgSiqm2-qV9iCRefT2C_BVlcD0sLPO5Gcg=w1920-h1080\" src=\"\" alt=\"\" \/><img decoding=\"async\" data-src=\"https:\/\/lh3.googleusercontent.com\/CJ307W3joD49WCWUe4nQ89nPDP19q-oimm1lK2oTFqgzeDTe0ByA6PHMLx5Gi6W3vsAwFHXSVZc0VMLuWKXa6ulTSdf02Hal4gfm2RWlyytsmIGpt2ln9dXlVcfmJSvP6_0YkibqVw=w1920-h1080\" src=\"\" alt=\"\" \/><img decoding=\"async\" data-src=\"https:\/\/lh3.googleusercontent.com\/AR-7i8oq8WJ2akD7F9NkxC79fbQual9ELiAvnL42kI_D1rSsB7k23WJ_34KX_znCd9mx6Syu3g4qhg9lgigQIPZ_OhBAB3HC3tnz-xsJtbzsmakNCXjqeeWO1wSWr2wIaPrIAYhMMA=w1920-h1080\" src=\"\" alt=\"\" \/><img decoding=\"async\" data-src=\"https:\/\/lh3.googleusercontent.com\/60M-XjBYJsLVDheinfgeglMxlXK7OBogHr6J-8M2nD526DuWE61X67ccwA6T04VzfVuwuEMGIyYh0xeoalegoUwK4sNmLaTJ2_J2dqSl-XKuwd1-_PcLv1TbEcHTvcFO_Li3DqBl5w=w1920-h1080\" src=\"\" alt=\"\" \/><img decoding=\"async\" data-src=\"https:\/\/lh3.googleusercontent.com\/zRW29JTUVyA16DbDRz8RLZ6xlth-m9A2in1FqDejgTviYWjpKdGROrDd2YIiNCJjTj_sWjm4WQvu_IpnAagIp5upACVD9QyqhV5EGOH0Stf1UiRErmnzNvEV0rDYHBV1TIeJ6KP0Rg=w1920-h1080\" src=\"\" alt=\"\" \/><img decoding=\"async\" data-src=\"https:\/\/lh3.googleusercontent.com\/6hfipZBYqE0Wh6P8sfMA7BNAU3pwUv4fElOEAOi7tUK0g_jH-jJbFnV0tIpaBZ4AJzAOY4pa8AxhZJFwwy4baplEEjczvw33LH6NRc_Emcr_cJ6gJEPoynVWpi13DJFMtEoedguy6w=w1920-h1080\" src=\"\" alt=\"\" \/><img decoding=\"async\" data-src=\"https:\/\/lh3.googleusercontent.com\/meYkLKRX7UyziLNpJe8KSeKaQtVs6pz3JERhcz3hk8Jh2fv-QmVhvz9hZnsa2BqxF8V99ja8svVhQXf22Fsj-OkuOwENSumMu5bGmwoyneSQG91QNmDeVW50CYSjLvl6bHG-iFtZhw=w1920-h1080\" src=\"\" alt=\"\" \/><img decoding=\"async\" data-src=\"https:\/\/lh3.googleusercontent.com\/1vSHG75VLn4s2R9ljdP_VXbXCYBh2q6r3BR0tCu3TDP-QHD5MBBeA-QIZeuQpcWg2fQC7lii39jTIXV0pM6jlRrBj_p2Km4pPMebLGtpMdpsf6VHJxI7ZS-BiK3k1Ltcq6fIiZCixw=w1920-h1080\" src=\"\" alt=\"\" \/><img decoding=\"async\" data-src=\"https:\/\/lh3.googleusercontent.com\/ZaHA2IXEEqvUFQagLZ6NXNL98Pj6TRoMNYLCsLtl28HMQjpFV-giAx7-9Pp-5OHcUOLB-cfDVsQjKQfGLfjX_GjKexd0XxSf-GEl3SaQIZ1qvKPfn53Izv0Qvv5TSugUyPjW9xod6A=w1920-h1080\" src=\"\" alt=\"\" \/><img decoding=\"async\" data-src=\"https:\/\/lh3.googleusercontent.com\/bSsMf2bhxwvcaNl8KSpG01ke9LaGv1Dfhu6cBcACgSoq-5C8YX-q7PBKWrYidLFQaIbTqV6tT_95D2v3mJSev_FKetw5mIn9rWawOoy2otBGBO2dCTR2Z2avqPw6mBWeXZSSMU0Ekg=w1920-h1080\" src=\"\" alt=\"\" \/><img decoding=\"async\" data-src=\"https:\/\/lh3.googleusercontent.com\/V4iaTo1gXgDuj422ld_DMYV2nOOEIbpth_a1B-AAAqP-3L_0eMQpaZAY1kFI6lFUToMtlkFQAd-INjO-Jdq7m6ZDOMK5IqCg0z89vHWKHfdruu9yKDGU7mtcqdJhg0IMKcEpRKXPKw=w1920-h1080\" src=\"\" alt=\"\" \/><img decoding=\"async\" data-src=\"https:\/\/lh3.googleusercontent.com\/LG2m2XymVsN8DmXjmqwqTeWRD_9nP3trspVOsL7UZihCfdTtfV0akMZF5paQrJSzDZwvrBgGTriH4Z7o0Ve7390CmTpWPE5xbex0st84jYgdWSZs6vyXuorx8yvCFG9KOtjPWSk3Pg=w1920-h1080\" src=\"\" alt=\"\" \/><img decoding=\"async\" data-src=\"https:\/\/lh3.googleusercontent.com\/RFrQJaMhA1GAF65yo1P8gfAlFCnrXbIQuWxGXYNwAexzVrdf0sDVkX3sej3LS_6qHXgsoGGxQOJCqqGvB0VrW7rYR-jXfFk2StX_u8DjZbxcLRbIXqbyMKQ5iQXztvTRbdIHjC788Q=w1920-h1080\" src=\"\" alt=\"\" \/><img decoding=\"async\" data-src=\"https:\/\/lh3.googleusercontent.com\/G3oYO_A_mlxQcxIkTQeETVpPCg_86iIXkRySDwF9DKYpLVFM27_WGiOXH_QI8hMIwAsCB0k3vkt1AF6vihXH70GSzGSzkhBYQ3F87pyrGs0E0j23uIW_EWC-dvdVREl4JP8GMYblnQ=w1920-h1080\" src=\"\" alt=\"\" \/><img decoding=\"async\" data-src=\"https:\/\/lh3.googleusercontent.com\/rsFFymAhWcTPoe0fcmEYJDNU9R1fTQRkcILO64ZiSUoh2UpFpndtFcdSwccmBP7qDK17qM-tqxr1FN4tK6KVc_sx0n8G-TYQJjP5VyGwS7gh1M03KyzyPEyBIjkpP3XceKTl0XpIJA=w1920-h1080\" src=\"\" alt=\"\" \/><img decoding=\"async\" data-src=\"https:\/\/lh3.googleusercontent.com\/A1JeG9Um6njDOkFNBw_UEbaKpJGjbZtR46pyQXeEZC_28t4NJ6g3QFqNB6TOpyVJcO3IWL_bQVsnJKmTyLfRhLiVeF8UsHdsnXDumKxnKf8JjXS82CZchfjOMtXbZ7X_Y0tyFvYntQ=w1920-h1080\" src=\"\" alt=\"\" \/><img decoding=\"async\" data-src=\"https:\/\/lh3.googleusercontent.com\/TDOyXUZ3rWPxR-KUDO-iKD7KKfaVsP8OuoCZ-zvBPa0l3r5RTV2S_SbdjFMjWBpMWEL0L_2dUl_4kksKhDcJbwE5AMDFsfeSVGxIxWTxeaQGgqqMrhjRVougVOQyXg-jY7FjlWgGPw=w1920-h1080\" src=\"\" alt=\"\" \/><img decoding=\"async\" data-src=\"https:\/\/lh3.googleusercontent.com\/XhaFo8S4o2AQ8syhclMINAZQfR9YoE3GKwFHVWrXKrgeS04yAQUcGcFLSZnN-Om0oN-6MTyd4nY34z8QVSkBnUaGoMRtTkjOgK9ADRqZE-E_pb64AQQ9siL7Yy1YKMJHJ71tm08l5w=w1920-h1080\" src=\"\" alt=\"\" \/><img decoding=\"async\" data-src=\"https:\/\/lh3.googleusercontent.com\/vKZnDGUs3OxSfxr4OBnDaZoj-fu_AlzmiFsF718bWRL_baBQkiU13DSwG_-25MTiFQOYyV5A3NP_2YzEP_Oh3xRH7j6P9Q9z8sWD1h3CcNk58uv4f7JUIdM1Ze0nLS-e8uyuIdligg=w1920-h1080\" src=\"\" alt=\"\" \/><img decoding=\"async\" data-src=\"https:\/\/lh3.googleusercontent.com\/WtU9LIQpb86zwC38u8PTd6U4DdJxikcDf5muh4MbrxrCBHVyTA4jMiXC4g8236RhSd7pWW8_I68DheCoDMwSXvYr3CvT9Cat7A9mCo2VSpXKZrpTaBOjHBrnzCTI47-HL-EAtUCYmQ=w1920-h1080\" src=\"\" alt=\"\" \/><img decoding=\"async\" data-src=\"https:\/\/lh3.googleusercontent.com\/805LbUcXVeCWC-CphXN_-eJRd5EuLJb8XuHmIn6cQs1nlMD9KDi3kXxGxT_IOcoSmmHhjCzO5LZ1wjFcbhsNqpGew5dQVH3V87lDwhlST2r-Z7RD7J9OVmudMP21GZbXJ_Eog7YzNA=w1920-h1080\" src=\"\" alt=\"\" \/><img decoding=\"async\" data-src=\"https:\/\/lh3.googleusercontent.com\/gkDu2oe_J83XZ_NVN0nIh_88lnQf7YVyuak8Rdn6nFsywmRLA7ytaJ4BB2gc1J67hzrOScCeNV50KDzhIFmvVjnw_WS7Qu8IbBAHx__a9H7Qi4Q61oHf9F9CqgzDOW3ON_xeCziW7Q=w1920-h1080\" src=\"\" alt=\"\" \/><\/div>\n\n\n\n\n<div style=\"height:50px\" aria-hidden=\"true\" class=\"wp-block-spacer\"><\/div>\n\n\n\n<h2 class=\"wp-block-heading\">Carte et courbe de d\u00e9nivel\u00e9<\/h2>\n\n\n\n<iframe frameborder=\"0\" scrolling=\"no\" src=\"https:\/\/fr.wikiloc.com\/wikiloc\/spatialArtifacts.do?event=view&amp;id=53289824&amp;measures=on&amp;title=off&amp;near=off&amp;images=off&amp;maptype=T\" width=\"500\" height=\"400\"><\/iframe><div style=\"color:#777;font-size:11px;line-height:16px;\">Powered by <a style=\"color:#06d;font-size:11px;line-height:16px;\" target=\"_blank\" href=\"https:\/\/fr.wikiloc.com\" rel=\"noopener noreferrer\">Wikiloc<\/a><\/div>\n\n\n<p style=\"text-align: center;\">&nbsp;<\/p>\n\n\n\n<h2 class=\"wp-block-heading\">Courbe des temp\u00e9ratures<\/h2>\n\n\n\n<figure class=\"wp-block-image size-large is-resized\"><img fetchpriority=\"high\" decoding=\"async\" src=\"https:\/\/le-temps-dune-rando.fr\/wp-content\/uploads\/2020\/07\/Temperatures_Autrans_La_Buffe.jpg\" alt=\"Temp\u00e9rature enregistr\u00e9es pendant la randonn\u00e9es La Buffe au d\u00e9part d'Autans\" class=\"wp-image-2085\" width=\"399\" height=\"342\" srcset=\"https:\/\/le-temps-dune-rando.fr\/wp-content\/uploads\/2020\/07\/Temperatures_Autrans_La_Buffe.jpg 532w, https:\/\/le-temps-dune-rando.fr\/wp-content\/uploads\/2020\/07\/Temperatures_Autrans_La_Buffe-300x257.jpg 300w\" sizes=\"(max-width: 399px) 100vw, 399px\" \/><\/figure>\n\n\n<p style=\"text-align: center;\">&nbsp;<\/p>\n\n\n\n<h2 class=\"wp-block-heading\">Itin\u00e9raire de la randonn\u00e9e La Buffe au d\u00e9part de la station d&rsquo;Autrans<\/h2>\n\n\n\n<ul class=\"wp-block-list\"><li>D\u00e9part de la <strong>station de ski d&rsquo;Autrans<\/strong>. Se garer au niveau de la remont\u00e9e m\u00e9canique.<\/li><li>Marcher vers le <strong>parc de loisirs<\/strong>, puis prendre la route qui monte vers le tunnel du Mortier.<\/li><li>A ce moment l\u00e0, prendre le chemin forestier sur la gauche, qui grimpe jusqu&rsquo;\u00e0 la <strong>Grande Br\u00e8che<\/strong>.<\/li><li>Une fois \u00e0 la Grande Br\u00e8che, poursuivre \u00e0 droite vers <strong>la Buffe<\/strong>. Admirer alors le paysage et la vue \u00e0 360 degr\u00e9s sur la plaine grenobloise, la Chartreuse, le Vercors.<\/li><li>Retourner \u00e0 la Grande Br\u00e8che et descendre par le chemin de droite (<strong>route foresti\u00e8re de la Grande Br\u00e8che<\/strong>).<\/li><li>Remonter vers le Mortier \/ le parc de loisirs et regagner la voiture par le m\u00eame chemin qu&rsquo;\u00e0 l&rsquo;aller, le long de la route.<\/li><\/ul>\n\n\n\n<div class=\"wp-block-buttons is-content-justification-center is-layout-flex wp-block-buttons-is-layout-flex\">\n<div class=\"wp-block-button is-style-outline is-style-outline--1\"><a class=\"wp-block-button__link has-very-dark-gray-color has-cyan-bluish-gray-background-color has-text-color has-background\" href=\"\/wp-content\/uploads\/gpx\/la-buffe-au-depart-dautrans.gpx\" target=\"_blank\" rel=\"noreferrer noopener\">T\u00e9l\u00e9charger le fichier GPX du parcours<\/a><\/div>\n<\/div>\n\n\n\n<div style=\"height:50px\" aria-hidden=\"true\" class=\"wp-block-spacer\"><\/div>\n","protected":false},"excerpt":{"rendered":"<p>Une randonn\u00e9e estivale plut\u00f4t facile, au d\u00e9part de la station de ski d&rsquo;Autrans dans le Vercors. Mont\u00e9e \u00e0 travers la for\u00eat vers la Grande Br\u00e8che, puis direction la Buffe, quioffre une vue \u00e0 360\u00b0 sur  Grenoble, le massif de la Chartreuse,  le plateau du Vercors, ainsi que ses sommets <\/p>\n","protected":false},"author":1,"featured_media":2705,"comment_status":"closed","ping_status":"open","sticky":false,"template":"","format":"standard","meta":{"_mo_disable_npp":"","advgb_blocks_editor_width":"","advgb_blocks_columns_visual_guide":"","site-sidebar-layout":"default","site-content-layout":"default","ast-site-content-layout":"default","site-content-style":"default","site-sidebar-style":"default","ast-global-header-display":"","ast-banner-title-visibility":"","ast-main-header-display":"","ast-hfb-above-header-display":"","ast-hfb-below-header-display":"","ast-hfb-mobile-header-display":"","site-post-title":"","ast-breadcrumbs-content":"","ast-featured-img":"","footer-sml-layout":"","ast-disable-related-posts":"","theme-transparent-header-meta":"default","adv-header-id-meta":"","stick-header-meta":"","header-above-stick-meta":"","header-main-stick-meta":"","header-below-stick-meta":"","astra-migrate-meta-layouts":"default","ast-page-background-enabled":"default","ast-page-background-meta":{"desktop":{"background-color":"","background-image":"","background-repeat":"repeat","background-position":"center center","background-size":"auto","background-attachment":"scroll","background-type":"","background-media":"","overlay-type":"","overlay-color":"","overlay-opacity":"","overlay-gradient":""},"tablet":{"background-color":"","background-image":"","background-repeat":"repeat","background-position":"center center","background-size":"auto","background-attachment":"scroll","background-type":"","background-media":"","overlay-type":"","overlay-color":"","overlay-opacity":"","overlay-gradient":""},"mobile":{"background-color":"","background-image":"","background-repeat":"repeat","background-position":"center center","background-size":"auto","background-attachment":"scroll","background-type":"","background-media":"","overlay-type":"","overlay-color":"","overlay-opacity":"","overlay-gradient":""}},"ast-content-background-meta":{"desktop":{"background-color":"var(--ast-global-color-5)","background-image":"","background-repeat":"repeat","background-position":"center center","background-size":"auto","background-attachment":"scroll","background-type":"","background-media":"","overlay-type":"","overlay-color":"","overlay-opacity":"","overlay-gradient":""},"tablet":{"background-color":"var(--ast-global-color-5)","background-image":"","background-repeat":"repeat","background-position":"center center","background-size":"auto","background-attachment":"scroll","background-type":"","background-media":"","overlay-type":"","overlay-color":"","overlay-opacity":"","overlay-gradient":""},"mobile":{"background-color":"var(--ast-global-color-5)","background-image":"","background-repeat":"repeat","background-position":"center center","background-size":"auto","background-attachment":"scroll","background-type":"","background-media":"","overlay-type":"","overlay-color":"","overlay-opacity":"","overlay-gradient":""}},"footnotes":""},"categories":[33,22],"tags":[],"class_list":["post-2078","post","type-post","status-publish","format-standard","has-post-thumbnail","hentry","category-ete","category-vercors"],"yoast_head":"<!-- This site is optimized with the Yoast SEO plugin v26.7 - https:\/\/yoast.com\/wordpress\/plugins\/seo\/ -->\n<title>La Buffe au d\u00e9part de la station d&#039;Autrans randonn\u00e9e facile en famille<\/title>\n<meta name=\"description\" content=\"Une randonn\u00e9e estivale plut\u00f4t facile, au d\u00e9part de la station de ski d&#039;Autrans dans le Vercors, direction la Buffe qui offre une vue 360 degr\u00e9s magnifique.\" \/>\n<meta name=\"robots\" content=\"index, follow, max-snippet:-1, max-image-preview:large, max-video-preview:-1\" \/>\n<link rel=\"canonical\" href=\"https:\/\/le-temps-dune-rando.fr\/index.php\/2020\/07\/24\/la-buffe-au-depart-de-la-station-dautrans\/\" \/>\n<meta property=\"og:locale\" content=\"fr_FR\" \/>\n<meta property=\"og:type\" content=\"article\" \/>\n<meta property=\"og:title\" content=\"La Buffe au d\u00e9part de la station d&#039;Autrans randonn\u00e9e facile en famille\" \/>\n<meta property=\"og:description\" content=\"Une randonn\u00e9e estivale plut\u00f4t facile, au d\u00e9part de la station de ski d&#039;Autrans dans le Vercors, direction la Buffe qui offre une vue 360 degr\u00e9s magnifique.\" \/>\n<meta property=\"og:url\" content=\"https:\/\/le-temps-dune-rando.fr\/index.php\/2020\/07\/24\/la-buffe-au-depart-de-la-station-dautrans\/\" \/>\n<meta property=\"og:site_name\" content=\"Le temps d&#039;une rando\" \/>\n<meta property=\"article:published_time\" content=\"2020-07-24T14:26:56+00:00\" \/>\n<meta property=\"article:modified_time\" content=\"2021-03-28T17:13:40+00:00\" \/>\n<meta property=\"og:image\" content=\"https:\/\/le-temps-dune-rando.fr\/wp-content\/uploads\/2020\/07\/autrans_la_buffe-1024x450-1.jpg\" \/>\n\t<meta property=\"og:image:width\" content=\"1024\" \/>\n\t<meta property=\"og:image:height\" content=\"450\" \/>\n\t<meta property=\"og:image:type\" content=\"image\/jpeg\" \/>\n<meta name=\"author\" content=\"Anne &amp; Romain\" \/>\n<meta name=\"twitter:card\" content=\"summary_large_image\" \/>\n<meta name=\"twitter:label1\" content=\"\u00c9crit par\" \/>\n\t<meta name=\"twitter:data1\" content=\"Anne &amp; Romain\" \/>\n\t<meta name=\"twitter:label2\" content=\"Dur\u00e9e de lecture estim\u00e9e\" \/>\n\t<meta name=\"twitter:data2\" content=\"2 minutes\" \/>\n<script type=\"application\/ld+json\" class=\"yoast-schema-graph\">{\"@context\":\"https:\/\/schema.org\",\"@graph\":[{\"@type\":\"Article\",\"@id\":\"https:\/\/le-temps-dune-rando.fr\/index.php\/2020\/07\/24\/la-buffe-au-depart-de-la-station-dautrans\/#article\",\"isPartOf\":{\"@id\":\"https:\/\/le-temps-dune-rando.fr\/index.php\/2020\/07\/24\/la-buffe-au-depart-de-la-station-dautrans\/\"},\"author\":{\"name\":\"Anne &amp; Romain\",\"@id\":\"https:\/\/le-temps-dune-rando.fr\/#\/schema\/person\/26d1113ab5fa4233cdc8f0c4c74be7dc\"},\"headline\":\"La Buffe au d\u00e9part de la station d&rsquo;Autrans\",\"datePublished\":\"2020-07-24T14:26:56+00:00\",\"dateModified\":\"2021-03-28T17:13:40+00:00\",\"mainEntityOfPage\":{\"@id\":\"https:\/\/le-temps-dune-rando.fr\/index.php\/2020\/07\/24\/la-buffe-au-depart-de-la-station-dautrans\/\"},\"wordCount\":296,\"publisher\":{\"@id\":\"https:\/\/le-temps-dune-rando.fr\/#organization\"},\"image\":{\"@id\":\"https:\/\/le-temps-dune-rando.fr\/index.php\/2020\/07\/24\/la-buffe-au-depart-de-la-station-dautrans\/#primaryimage\"},\"thumbnailUrl\":\"https:\/\/le-temps-dune-rando.fr\/wp-content\/uploads\/2020\/07\/autrans_la_buffe-1024x450-1.jpg\",\"articleSection\":[\"Randos \u00e9t\u00e9\",\"Vercors\"],\"inLanguage\":\"fr-FR\"},{\"@type\":\"WebPage\",\"@id\":\"https:\/\/le-temps-dune-rando.fr\/index.php\/2020\/07\/24\/la-buffe-au-depart-de-la-station-dautrans\/\",\"url\":\"https:\/\/le-temps-dune-rando.fr\/index.php\/2020\/07\/24\/la-buffe-au-depart-de-la-station-dautrans\/\",\"name\":\"La Buffe au d\u00e9part de la station d'Autrans randonn\u00e9e facile en famille\",\"isPartOf\":{\"@id\":\"https:\/\/le-temps-dune-rando.fr\/#website\"},\"primaryImageOfPage\":{\"@id\":\"https:\/\/le-temps-dune-rando.fr\/index.php\/2020\/07\/24\/la-buffe-au-depart-de-la-station-dautrans\/#primaryimage\"},\"image\":{\"@id\":\"https:\/\/le-temps-dune-rando.fr\/index.php\/2020\/07\/24\/la-buffe-au-depart-de-la-station-dautrans\/#primaryimage\"},\"thumbnailUrl\":\"https:\/\/le-temps-dune-rando.fr\/wp-content\/uploads\/2020\/07\/autrans_la_buffe-1024x450-1.jpg\",\"datePublished\":\"2020-07-24T14:26:56+00:00\",\"dateModified\":\"2021-03-28T17:13:40+00:00\",\"description\":\"Une randonn\u00e9e estivale plut\u00f4t facile, au d\u00e9part de la station de ski d'Autrans dans le Vercors, direction la Buffe qui offre une vue 360 degr\u00e9s magnifique.\",\"breadcrumb\":{\"@id\":\"https:\/\/le-temps-dune-rando.fr\/index.php\/2020\/07\/24\/la-buffe-au-depart-de-la-station-dautrans\/#breadcrumb\"},\"inLanguage\":\"fr-FR\",\"potentialAction\":[{\"@type\":\"ReadAction\",\"target\":[\"https:\/\/le-temps-dune-rando.fr\/index.php\/2020\/07\/24\/la-buffe-au-depart-de-la-station-dautrans\/\"]}]},{\"@type\":\"ImageObject\",\"inLanguage\":\"fr-FR\",\"@id\":\"https:\/\/le-temps-dune-rando.fr\/index.php\/2020\/07\/24\/la-buffe-au-depart-de-la-station-dautrans\/#primaryimage\",\"url\":\"https:\/\/le-temps-dune-rando.fr\/wp-content\/uploads\/2020\/07\/autrans_la_buffe-1024x450-1.jpg\",\"contentUrl\":\"https:\/\/le-temps-dune-rando.fr\/wp-content\/uploads\/2020\/07\/autrans_la_buffe-1024x450-1.jpg\",\"width\":1024,\"height\":450,\"caption\":\"La Buffe, vue sur Grenoble, Autrans\"},{\"@type\":\"BreadcrumbList\",\"@id\":\"https:\/\/le-temps-dune-rando.fr\/index.php\/2020\/07\/24\/la-buffe-au-depart-de-la-station-dautrans\/#breadcrumb\",\"itemListElement\":[{\"@type\":\"ListItem\",\"position\":1,\"name\":\"Accueil\",\"item\":\"https:\/\/le-temps-dune-rando.fr\/\"},{\"@type\":\"ListItem\",\"position\":2,\"name\":\"La Buffe au d\u00e9part de la station d&rsquo;Autrans\"}]},{\"@type\":\"WebSite\",\"@id\":\"https:\/\/le-temps-dune-rando.fr\/#website\",\"url\":\"https:\/\/le-temps-dune-rando.fr\/\",\"name\":\"Le temps d&#039;une rando\",\"description\":\"Des randonn\u00e9es nature dans le Vercors, pour une journ\u00e9e ou un week-end\",\"publisher\":{\"@id\":\"https:\/\/le-temps-dune-rando.fr\/#organization\"},\"potentialAction\":[{\"@type\":\"SearchAction\",\"target\":{\"@type\":\"EntryPoint\",\"urlTemplate\":\"https:\/\/le-temps-dune-rando.fr\/?s={search_term_string}\"},\"query-input\":{\"@type\":\"PropertyValueSpecification\",\"valueRequired\":true,\"valueName\":\"search_term_string\"}}],\"inLanguage\":\"fr-FR\"},{\"@type\":\"Organization\",\"@id\":\"https:\/\/le-temps-dune-rando.fr\/#organization\",\"name\":\"Le temps d&#039;une rando\",\"url\":\"https:\/\/le-temps-dune-rando.fr\/\",\"logo\":{\"@type\":\"ImageObject\",\"inLanguage\":\"fr-FR\",\"@id\":\"https:\/\/le-temps-dune-rando.fr\/#\/schema\/logo\/image\/\",\"url\":\"https:\/\/le-temps-dune-rando.fr\/wp-content\/uploads\/2020\/06\/cropped-Temps_dune_rando.png\",\"contentUrl\":\"https:\/\/le-temps-dune-rando.fr\/wp-content\/uploads\/2020\/06\/cropped-Temps_dune_rando.png\",\"width\":496,\"height\":117,\"caption\":\"Le temps d&#039;une rando\"},\"image\":{\"@id\":\"https:\/\/le-temps-dune-rando.fr\/#\/schema\/logo\/image\/\"}},{\"@type\":\"Person\",\"@id\":\"https:\/\/le-temps-dune-rando.fr\/#\/schema\/person\/26d1113ab5fa4233cdc8f0c4c74be7dc\",\"name\":\"Anne &amp; Romain\",\"image\":{\"@type\":\"ImageObject\",\"inLanguage\":\"fr-FR\",\"@id\":\"https:\/\/le-temps-dune-rando.fr\/#\/schema\/person\/image\/\",\"url\":\"https:\/\/secure.gravatar.com\/avatar\/6a4dc893f499c50b6e6cc7d908e9a85e2216765d8f4085b99f76c80188f36745?s=96&d=mm&r=g\",\"contentUrl\":\"https:\/\/secure.gravatar.com\/avatar\/6a4dc893f499c50b6e6cc7d908e9a85e2216765d8f4085b99f76c80188f36745?s=96&d=mm&r=g\",\"caption\":\"Anne &amp; Romain\"},\"description\":\"\u00ab Aime ce que tu fais, fais ce que tu aimes \u00bb Nous aimons la nature, la montagne, l'altitude. Ces endroits nous ressourcent. Anne se nourrit de randonn\u00e9es, de paysages, de contacts avec la nature. Romain aime tester des applications informatiques et mobiles, des outils, en live. Nous avons eu envie de combiner nos atouts dans ce blog, et partager nos passions : les randonn\u00e9es, la montagne, le respect de l'environnement et les nouvelles technologies.\",\"url\":\"https:\/\/le-temps-dune-rando.fr\/index.php\/author\/letempsanlu69007\/\"}]}<\/script>\n<!-- \/ Yoast SEO plugin. -->","yoast_head_json":{"title":"La Buffe au d\u00e9part de la station d'Autrans randonn\u00e9e facile en famille","description":"Une randonn\u00e9e estivale plut\u00f4t facile, au d\u00e9part de la station de ski d'Autrans dans le Vercors, direction la Buffe qui offre une vue 360 degr\u00e9s magnifique.","robots":{"index":"index","follow":"follow","max-snippet":"max-snippet:-1","max-image-preview":"max-image-preview:large","max-video-preview":"max-video-preview:-1"},"canonical":"https:\/\/le-temps-dune-rando.fr\/index.php\/2020\/07\/24\/la-buffe-au-depart-de-la-station-dautrans\/","og_locale":"fr_FR","og_type":"article","og_title":"La Buffe au d\u00e9part de la station d'Autrans randonn\u00e9e facile en famille","og_description":"Une randonn\u00e9e estivale plut\u00f4t facile, au d\u00e9part de la station de ski d'Autrans dans le Vercors, direction la Buffe qui offre une vue 360 degr\u00e9s magnifique.","og_url":"https:\/\/le-temps-dune-rando.fr\/index.php\/2020\/07\/24\/la-buffe-au-depart-de-la-station-dautrans\/","og_site_name":"Le temps d&#039;une rando","article_published_time":"2020-07-24T14:26:56+00:00","article_modified_time":"2021-03-28T17:13:40+00:00","og_image":[{"width":1024,"height":450,"url":"https:\/\/le-temps-dune-rando.fr\/wp-content\/uploads\/2020\/07\/autrans_la_buffe-1024x450-1.jpg","type":"image\/jpeg"}],"author":"Anne &amp; Romain","twitter_card":"summary_large_image","twitter_misc":{"\u00c9crit par":"Anne &amp; Romain","Dur\u00e9e de lecture estim\u00e9e":"2 minutes"},"schema":{"@context":"https:\/\/schema.org","@graph":[{"@type":"Article","@id":"https:\/\/le-temps-dune-rando.fr\/index.php\/2020\/07\/24\/la-buffe-au-depart-de-la-station-dautrans\/#article","isPartOf":{"@id":"https:\/\/le-temps-dune-rando.fr\/index.php\/2020\/07\/24\/la-buffe-au-depart-de-la-station-dautrans\/"},"author":{"name":"Anne &amp; Romain","@id":"https:\/\/le-temps-dune-rando.fr\/#\/schema\/person\/26d1113ab5fa4233cdc8f0c4c74be7dc"},"headline":"La Buffe au d\u00e9part de la station d&rsquo;Autrans","datePublished":"2020-07-24T14:26:56+00:00","dateModified":"2021-03-28T17:13:40+00:00","mainEntityOfPage":{"@id":"https:\/\/le-temps-dune-rando.fr\/index.php\/2020\/07\/24\/la-buffe-au-depart-de-la-station-dautrans\/"},"wordCount":296,"publisher":{"@id":"https:\/\/le-temps-dune-rando.fr\/#organization"},"image":{"@id":"https:\/\/le-temps-dune-rando.fr\/index.php\/2020\/07\/24\/la-buffe-au-depart-de-la-station-dautrans\/#primaryimage"},"thumbnailUrl":"https:\/\/le-temps-dune-rando.fr\/wp-content\/uploads\/2020\/07\/autrans_la_buffe-1024x450-1.jpg","articleSection":["Randos \u00e9t\u00e9","Vercors"],"inLanguage":"fr-FR"},{"@type":"WebPage","@id":"https:\/\/le-temps-dune-rando.fr\/index.php\/2020\/07\/24\/la-buffe-au-depart-de-la-station-dautrans\/","url":"https:\/\/le-temps-dune-rando.fr\/index.php\/2020\/07\/24\/la-buffe-au-depart-de-la-station-dautrans\/","name":"La Buffe au d\u00e9part de la station d'Autrans randonn\u00e9e facile en famille","isPartOf":{"@id":"https:\/\/le-temps-dune-rando.fr\/#website"},"primaryImageOfPage":{"@id":"https:\/\/le-temps-dune-rando.fr\/index.php\/2020\/07\/24\/la-buffe-au-depart-de-la-station-dautrans\/#primaryimage"},"image":{"@id":"https:\/\/le-temps-dune-rando.fr\/index.php\/2020\/07\/24\/la-buffe-au-depart-de-la-station-dautrans\/#primaryimage"},"thumbnailUrl":"https:\/\/le-temps-dune-rando.fr\/wp-content\/uploads\/2020\/07\/autrans_la_buffe-1024x450-1.jpg","datePublished":"2020-07-24T14:26:56+00:00","dateModified":"2021-03-28T17:13:40+00:00","description":"Une randonn\u00e9e estivale plut\u00f4t facile, au d\u00e9part de la station de ski d'Autrans dans le Vercors, direction la Buffe qui offre une vue 360 degr\u00e9s magnifique.","breadcrumb":{"@id":"https:\/\/le-temps-dune-rando.fr\/index.php\/2020\/07\/24\/la-buffe-au-depart-de-la-station-dautrans\/#breadcrumb"},"inLanguage":"fr-FR","potentialAction":[{"@type":"ReadAction","target":["https:\/\/le-temps-dune-rando.fr\/index.php\/2020\/07\/24\/la-buffe-au-depart-de-la-station-dautrans\/"]}]},{"@type":"ImageObject","inLanguage":"fr-FR","@id":"https:\/\/le-temps-dune-rando.fr\/index.php\/2020\/07\/24\/la-buffe-au-depart-de-la-station-dautrans\/#primaryimage","url":"https:\/\/le-temps-dune-rando.fr\/wp-content\/uploads\/2020\/07\/autrans_la_buffe-1024x450-1.jpg","contentUrl":"https:\/\/le-temps-dune-rando.fr\/wp-content\/uploads\/2020\/07\/autrans_la_buffe-1024x450-1.jpg","width":1024,"height":450,"caption":"La Buffe, vue sur Grenoble, Autrans"},{"@type":"BreadcrumbList","@id":"https:\/\/le-temps-dune-rando.fr\/index.php\/2020\/07\/24\/la-buffe-au-depart-de-la-station-dautrans\/#breadcrumb","itemListElement":[{"@type":"ListItem","position":1,"name":"Accueil","item":"https:\/\/le-temps-dune-rando.fr\/"},{"@type":"ListItem","position":2,"name":"La Buffe au d\u00e9part de la station d&rsquo;Autrans"}]},{"@type":"WebSite","@id":"https:\/\/le-temps-dune-rando.fr\/#website","url":"https:\/\/le-temps-dune-rando.fr\/","name":"Le temps d&#039;une rando","description":"Des randonn\u00e9es nature dans le Vercors, pour une journ\u00e9e ou un week-end","publisher":{"@id":"https:\/\/le-temps-dune-rando.fr\/#organization"},"potentialAction":[{"@type":"SearchAction","target":{"@type":"EntryPoint","urlTemplate":"https:\/\/le-temps-dune-rando.fr\/?s={search_term_string}"},"query-input":{"@type":"PropertyValueSpecification","valueRequired":true,"valueName":"search_term_string"}}],"inLanguage":"fr-FR"},{"@type":"Organization","@id":"https:\/\/le-temps-dune-rando.fr\/#organization","name":"Le temps d&#039;une rando","url":"https:\/\/le-temps-dune-rando.fr\/","logo":{"@type":"ImageObject","inLanguage":"fr-FR","@id":"https:\/\/le-temps-dune-rando.fr\/#\/schema\/logo\/image\/","url":"https:\/\/le-temps-dune-rando.fr\/wp-content\/uploads\/2020\/06\/cropped-Temps_dune_rando.png","contentUrl":"https:\/\/le-temps-dune-rando.fr\/wp-content\/uploads\/2020\/06\/cropped-Temps_dune_rando.png","width":496,"height":117,"caption":"Le temps d&#039;une rando"},"image":{"@id":"https:\/\/le-temps-dune-rando.fr\/#\/schema\/logo\/image\/"}},{"@type":"Person","@id":"https:\/\/le-temps-dune-rando.fr\/#\/schema\/person\/26d1113ab5fa4233cdc8f0c4c74be7dc","name":"Anne &amp; Romain","image":{"@type":"ImageObject","inLanguage":"fr-FR","@id":"https:\/\/le-temps-dune-rando.fr\/#\/schema\/person\/image\/","url":"https:\/\/secure.gravatar.com\/avatar\/6a4dc893f499c50b6e6cc7d908e9a85e2216765d8f4085b99f76c80188f36745?s=96&d=mm&r=g","contentUrl":"https:\/\/secure.gravatar.com\/avatar\/6a4dc893f499c50b6e6cc7d908e9a85e2216765d8f4085b99f76c80188f36745?s=96&d=mm&r=g","caption":"Anne &amp; Romain"},"description":"\u00ab Aime ce que tu fais, fais ce que tu aimes \u00bb Nous aimons la nature, la montagne, l'altitude. Ces endroits nous ressourcent. Anne se nourrit de randonn\u00e9es, de paysages, de contacts avec la nature. Romain aime tester des applications informatiques et mobiles, des outils, en live. Nous avons eu envie de combiner nos atouts dans ce blog, et partager nos passions : les randonn\u00e9es, la montagne, le respect de l'environnement et les nouvelles technologies.","url":"https:\/\/le-temps-dune-rando.fr\/index.php\/author\/letempsanlu69007\/"}]}},"author_meta":{"display_name":"Anne &amp; Romain","author_link":"https:\/\/le-temps-dune-rando.fr\/index.php\/author\/letempsanlu69007\/"},"featured_img":"https:\/\/le-temps-dune-rando.fr\/wp-content\/uploads\/2020\/07\/autrans_la_buffe-1024x450-1-300x132.jpg","coauthors":[],"tax_additional":{"categories":{"linked":["<a href=\"https:\/\/le-temps-dune-rando.fr\/index.php\/category\/ete\/\" class=\"advgb-post-tax-term\">Randos \u00e9t\u00e9<\/a>","<a href=\"https:\/\/le-temps-dune-rando.fr\/index.php\/category\/vercors\/\" class=\"advgb-post-tax-term\">Vercors<\/a>"],"unlinked":["<span class=\"advgb-post-tax-term\">Randos \u00e9t\u00e9<\/span>","<span class=\"advgb-post-tax-term\">Vercors<\/span>"]}},"comment_count":"0","relative_dates":{"created":"Publi\u00e9 6 ans il y a","modified":"Mis \u00e0 jour 5 ans il y a"},"absolute_dates":{"created":"Publi\u00e9 le 24 juillet 2020","modified":"Mise \u00e0 jour le 28 mars 2021"},"absolute_dates_time":{"created":"Publi\u00e9 le 24 juillet 2020 16 h 26 min","modified":"Mise \u00e0 jour le 28 mars 2021 19 h 13 min"},"featured_img_caption":"","series_order":"","_links":{"self":[{"href":"https:\/\/le-temps-dune-rando.fr\/index.php\/wp-json\/wp\/v2\/posts\/2078","targetHints":{"allow":["GET"]}}],"collection":[{"href":"https:\/\/le-temps-dune-rando.fr\/index.php\/wp-json\/wp\/v2\/posts"}],"about":[{"href":"https:\/\/le-temps-dune-rando.fr\/index.php\/wp-json\/wp\/v2\/types\/post"}],"author":[{"embeddable":true,"href":"https:\/\/le-temps-dune-rando.fr\/index.php\/wp-json\/wp\/v2\/users\/1"}],"replies":[{"embeddable":true,"href":"https:\/\/le-temps-dune-rando.fr\/index.php\/wp-json\/wp\/v2\/comments?post=2078"}],"version-history":[{"count":18,"href":"https:\/\/le-temps-dune-rando.fr\/index.php\/wp-json\/wp\/v2\/posts\/2078\/revisions"}],"predecessor-version":[{"id":2713,"href":"https:\/\/le-temps-dune-rando.fr\/index.php\/wp-json\/wp\/v2\/posts\/2078\/revisions\/2713"}],"wp:featuredmedia":[{"embeddable":true,"href":"https:\/\/le-temps-dune-rando.fr\/index.php\/wp-json\/wp\/v2\/media\/2705"}],"wp:attachment":[{"href":"https:\/\/le-temps-dune-rando.fr\/index.php\/wp-json\/wp\/v2\/media?parent=2078"}],"wp:term":[{"taxonomy":"category","embeddable":true,"href":"https:\/\/le-temps-dune-rando.fr\/index.php\/wp-json\/wp\/v2\/categories?post=2078"},{"taxonomy":"post_tag","embeddable":true,"href":"https:\/\/le-temps-dune-rando.fr\/index.php\/wp-json\/wp\/v2\/tags?post=2078"}],"curies":[{"name":"wp","href":"https:\/\/api.w.org\/{rel}","templated":true}]}}